{"id":5084,"date":"2024-06-16T21:23:54","date_gmt":"2024-06-16T19:23:54","guid":{"rendered":"https:\/\/siessen.org\/2024\/06\/primeira-profissao-da-irma-daiana\/"},"modified":"2024-06-16T21:23:54","modified_gmt":"2024-06-16T19:23:54","slug":"primeira-profissao-da-irma-daiana","status":"publish","type":"post","link":"https:\/\/siessen.org\/pt-br\/2024\/06\/primeira-profissao-da-irma-daiana\/","title":{"rendered":"Primeira profiss\u00e3o da Irm\u00e3 Daiana"},"content":{"rendered":"<p>No dia 16.6.<br \/>\na Prov\u00edncia Brasileira celebrou a primeira profiss\u00e3o de Ir. M. Daiana.<br \/>\nUma longa jornada de busca e discernimento alcan\u00e7ou seu objetivo e as irm\u00e3s da Prov\u00edncia brasileira se alegraram junto com a m\u00e3e de Ir. Daiana e os muitos convidados.  <\/p>\n","protected":false},"excerpt":{"rendered":"<p>No dia 16.6. a Prov\u00edncia Brasileira celebrou a primeira profiss\u00e3o de Ir. M. Daiana. Uma longa jornada de busca e discernimento alcan\u00e7ou seu objetivo e as irm\u00e3s da Prov\u00edncia brasileira se alegraram junto com a m\u00e3e de Ir. Daiana e os muitos convidados.<\/p>\n","protected":false},"author":3,"featured_media":4552,"comment_status":"closed","ping_status":"open","sticky":false,"template":"","format":"standard","meta":{"footnotes":""},"categories":[8],"tags":[],"post_series":[],"class_list":["post-5084","post","type-post","status-publish","format-standard","has-post-thumbnail","hentry","category-nao-categorizado","entry","has-media"],"_links":{"self":[{"href":"https:\/\/siessen.org\/pt-br\/wp-json\/wp\/v2\/posts\/5084","targetHints":{"allow":["GET"]}}],"collection":[{"href":"https:\/\/siessen.org\/pt-br\/wp-json\/wp\/v2\/posts"}],"about":[{"href":"https:\/\/siessen.org\/pt-br\/wp-json\/wp\/v2\/types\/post"}],"author":[{"embeddable":true,"href":"https:\/\/siessen.org\/pt-br\/wp-json\/wp\/v2\/users\/3"}],"replies":[{"embeddable":true,"href":"https:\/\/siessen.org\/pt-br\/wp-json\/wp\/v2\/comments?post=5084"}],"version-history":[{"count":0,"href":"https:\/\/siessen.org\/pt-br\/wp-json\/wp\/v2\/posts\/5084\/revisions"}],"wp:featuredmedia":[{"embeddable":true,"href":"https:\/\/siessen.org\/pt-br\/wp-json\/wp\/v2\/media\/4552"}],"wp:attachment":[{"href":"https:\/\/siessen.org\/pt-br\/wp-json\/wp\/v2\/media?parent=5084"}],"wp:term":[{"taxonomy":"category","embeddable":true,"href":"https:\/\/siessen.org\/pt-br\/wp-json\/wp\/v2\/categories?post=5084"},{"taxonomy":"post_tag","embeddable":true,"href":"https:\/\/siessen.org\/pt-br\/wp-json\/wp\/v2\/tags?post=5084"},{"taxonomy":"post_series","embeddable":true,"href":"https:\/\/siessen.org\/pt-br\/wp-json\/wp\/v2\/post_series?post=5084"}],"curies":[{"name":"wp","href":"https:\/\/api.w.org\/{rel}","templated":true}]}}