{"id":5087,"date":"2024-05-29T20:56:02","date_gmt":"2024-05-29T18:56:02","guid":{"rendered":"https:\/\/siessen.org\/2024\/05\/dia-dos-catolicos-em-erfurt\/"},"modified":"2024-05-29T20:56:02","modified_gmt":"2024-05-29T18:56:02","slug":"dia-dos-catolicos-em-erfurt","status":"publish","type":"post","link":"https:\/\/siessen.org\/pt-br\/2024\/05\/dia-dos-catolicos-em-erfurt\/","title":{"rendered":"Dia dos Cat\u00f3licos em Erfurt"},"content":{"rendered":"<p>O 103\u00ba Dia dos Cat\u00f3licos Alem\u00e3es foi realizado em Erfurt de 29 de maio a 2 de junho de 2024.<br \/>\nFoi realizado o Dia dos Cat\u00f3licos Alem\u00e3es.<br \/>\nNossas irm\u00e3s estavam l\u00e1 com um estande de informa\u00e7\u00f5es e o &#8220;Ansprech-Bar&#8221;, uma oportunidade de conversar com outras pessoas tomando uma bebida.<br \/>\nUma grande celebra\u00e7\u00e3o de f\u00e9 e encontros.   <\/p>\n","protected":false},"excerpt":{"rendered":"<p>O 103\u00ba Dia dos Cat\u00f3licos Alem\u00e3es foi realizado em Erfurt de 29 de maio a 2 de junho de 2024. Foi realizado o Dia dos Cat\u00f3licos Alem\u00e3es. Nossas irm\u00e3s estavam l\u00e1 com um estande de informa\u00e7\u00f5es e o &#8220;Ansprech-Bar&#8221;, uma oportunidade de conversar com outras pessoas tomando uma bebida. Uma grande celebra\u00e7\u00e3o de f\u00e9 e&hellip;<\/p>\n","protected":false},"author":3,"featured_media":4523,"comment_status":"closed","ping_status":"open","sticky":false,"template":"","format":"standard","meta":{"footnotes":""},"categories":[8],"tags":[],"post_series":[],"class_list":["post-5087","post","type-post","status-publish","format-standard","has-post-thumbnail","hentry","category-nao-categorizado","entry","has-media"],"_links":{"self":[{"href":"https:\/\/siessen.org\/pt-br\/wp-json\/wp\/v2\/posts\/5087","targetHints":{"allow":["GET"]}}],"collection":[{"href":"https:\/\/siessen.org\/pt-br\/wp-json\/wp\/v2\/posts"}],"about":[{"href":"https:\/\/siessen.org\/pt-br\/wp-json\/wp\/v2\/types\/post"}],"author":[{"embeddable":true,"href":"https:\/\/siessen.org\/pt-br\/wp-json\/wp\/v2\/users\/3"}],"replies":[{"embeddable":true,"href":"https:\/\/siessen.org\/pt-br\/wp-json\/wp\/v2\/comments?post=5087"}],"version-history":[{"count":0,"href":"https:\/\/siessen.org\/pt-br\/wp-json\/wp\/v2\/posts\/5087\/revisions"}],"wp:featuredmedia":[{"embeddable":true,"href":"https:\/\/siessen.org\/pt-br\/wp-json\/wp\/v2\/media\/4523"}],"wp:attachment":[{"href":"https:\/\/siessen.org\/pt-br\/wp-json\/wp\/v2\/media?parent=5087"}],"wp:term":[{"taxonomy":"category","embeddable":true,"href":"https:\/\/siessen.org\/pt-br\/wp-json\/wp\/v2\/categories?post=5087"},{"taxonomy":"post_tag","embeddable":true,"href":"https:\/\/siessen.org\/pt-br\/wp-json\/wp\/v2\/tags?post=5087"},{"taxonomy":"post_series","embeddable":true,"href":"https:\/\/siessen.org\/pt-br\/wp-json\/wp\/v2\/post_series?post=5087"}],"curies":[{"name":"wp","href":"https:\/\/api.w.org\/{rel}","templated":true}]}}