{"id":5877,"date":"2025-01-23T09:23:50","date_gmt":"2025-01-23T08:23:50","guid":{"rendered":"https:\/\/siessen.org\/?p=5877"},"modified":"2025-01-23T09:23:50","modified_gmt":"2025-01-23T08:23:50","slug":"entrevista-com-a-irma-luzia","status":"publish","type":"post","link":"https:\/\/siessen.org\/pt-br\/2025\/01\/entrevista-com-a-irma-luzia\/","title":{"rendered":"Entrevista com a Irm\u00e3 Luzia"},"content":{"rendered":"<p>Voc\u00ea pode encontrar uma entrevista com Ir. Luzia em alem\u00e3o no link abaixo:<a href=\"https:\/\/www.edit-magazin.de\/zwischen-tradition-und-zeitgeist-heute-im-kloster-leben.html\">https:\/\/www.edit-magazin.de\/zwischen-tradition-und-zeitgeist-heute-im-kloster-leben.html<\/a><\/p>\n","protected":false},"excerpt":{"rendered":"<p>Voc\u00ea pode encontrar uma entrevista com Ir. Luzia em alem\u00e3o no link abaixo:https:\/\/www.edit-magazin.de\/zwischen-tradition-und-zeitgeist-heute-im-kloster-leben.html<\/p>\n","protected":false},"author":3,"featured_media":5874,"comment_status":"closed","ping_status":"open","sticky":false,"template":"","format":"standard","meta":{"footnotes":""},"categories":[8],"tags":[],"post_series":[],"class_list":["post-5877","post","type-post","status-publish","format-standard","has-post-thumbnail","hentry","category-nao-categorizado","entry","has-media"],"_links":{"self":[{"href":"https:\/\/siessen.org\/pt-br\/wp-json\/wp\/v2\/posts\/5877","targetHints":{"allow":["GET"]}}],"collection":[{"href":"https:\/\/siessen.org\/pt-br\/wp-json\/wp\/v2\/posts"}],"about":[{"href":"https:\/\/siessen.org\/pt-br\/wp-json\/wp\/v2\/types\/post"}],"author":[{"embeddable":true,"href":"https:\/\/siessen.org\/pt-br\/wp-json\/wp\/v2\/users\/3"}],"replies":[{"embeddable":true,"href":"https:\/\/siessen.org\/pt-br\/wp-json\/wp\/v2\/comments?post=5877"}],"version-history":[{"count":1,"href":"https:\/\/siessen.org\/pt-br\/wp-json\/wp\/v2\/posts\/5877\/revisions"}],"predecessor-version":[{"id":5879,"href":"https:\/\/siessen.org\/pt-br\/wp-json\/wp\/v2\/posts\/5877\/revisions\/5879"}],"wp:featuredmedia":[{"embeddable":true,"href":"https:\/\/siessen.org\/pt-br\/wp-json\/wp\/v2\/media\/5874"}],"wp:attachment":[{"href":"https:\/\/siessen.org\/pt-br\/wp-json\/wp\/v2\/media?parent=5877"}],"wp:term":[{"taxonomy":"category","embeddable":true,"href":"https:\/\/siessen.org\/pt-br\/wp-json\/wp\/v2\/categories?post=5877"},{"taxonomy":"post_tag","embeddable":true,"href":"https:\/\/siessen.org\/pt-br\/wp-json\/wp\/v2\/tags?post=5877"},{"taxonomy":"post_series","embeddable":true,"href":"https:\/\/siessen.org\/pt-br\/wp-json\/wp\/v2\/post_series?post=5877"}],"curies":[{"name":"wp","href":"https:\/\/api.w.org\/{rel}","templated":true}]}}