{"id":6065,"date":"2025-05-05T17:21:06","date_gmt":"2025-05-05T15:21:06","guid":{"rendered":"https:\/\/siessen.org\/2025\/04\/assembleia-geral-da-uisg\/"},"modified":"2025-04-29T17:21:06","modified_gmt":"2025-04-29T15:21:06","slug":"assembleia-geral-da-uisg","status":"publish","type":"post","link":"https:\/\/siessen.org\/pt-br\/2025\/05\/assembleia-geral-da-uisg\/","title":{"rendered":"Assembleia Geral da UISG"},"content":{"rendered":"<p>De 5 a 9 de maio, a Irm\u00e3 M. Karin participar\u00e1 de uma assembleia internacional de Superioras Gerais em Roma. Quase 900 Superiores Gerais se inscreveram. O tema do encontro \u00e9 &#8220;Vida Consagrada: uma esperan\u00e7a que transforma&#8221;<br \/>\n<a href=\"https:\/\/www.uisg.org\/en\/news\/press-release-xxiii-uisg-plenary-assembly-2025\/\">Comunicado \u00e0 imprensa<\/a><br \/>\n<a href=\"https:\/\/plenary2025.uisg.org\/en\/englishprogram\/\">O programa da confer\u00eancia<\/a><\/p>\n<p>A situa\u00e7\u00e3o da Igreja devido \u00e0 morte do Papa Francisco e o pr\u00f3ximo conclave d\u00e3o \u00e0 reuni\u00e3o um sabor especial!<\/p>\n","protected":false},"excerpt":{"rendered":"<p>De 5 a 9 de maio, a Irm\u00e3 M. Karin participar\u00e1 de uma assembleia internacional de Superioras Gerais em Roma. Quase 900 Superiores Gerais se inscreveram. O tema do encontro \u00e9 &#8220;Vida Consagrada: uma esperan\u00e7a que transforma&#8221; Comunicado \u00e0 imprensa O programa da confer\u00eancia A situa\u00e7\u00e3o da Igreja devido \u00e0 morte do Papa Francisco e&hellip;<\/p>\n","protected":false},"author":3,"featured_media":6061,"comment_status":"closed","ping_status":"open","sticky":false,"template":"","format":"standard","meta":{"footnotes":""},"categories":[8],"tags":[],"post_series":[],"class_list":["post-6065","post","type-post","status-publish","format-standard","has-post-thumbnail","hentry","category-nao-categorizado","entry","has-media"],"_links":{"self":[{"href":"https:\/\/siessen.org\/pt-br\/wp-json\/wp\/v2\/posts\/6065","targetHints":{"allow":["GET"]}}],"collection":[{"href":"https:\/\/siessen.org\/pt-br\/wp-json\/wp\/v2\/posts"}],"about":[{"href":"https:\/\/siessen.org\/pt-br\/wp-json\/wp\/v2\/types\/post"}],"author":[{"embeddable":true,"href":"https:\/\/siessen.org\/pt-br\/wp-json\/wp\/v2\/users\/3"}],"replies":[{"embeddable":true,"href":"https:\/\/siessen.org\/pt-br\/wp-json\/wp\/v2\/comments?post=6065"}],"version-history":[{"count":0,"href":"https:\/\/siessen.org\/pt-br\/wp-json\/wp\/v2\/posts\/6065\/revisions"}],"wp:featuredmedia":[{"embeddable":true,"href":"https:\/\/siessen.org\/pt-br\/wp-json\/wp\/v2\/media\/6061"}],"wp:attachment":[{"href":"https:\/\/siessen.org\/pt-br\/wp-json\/wp\/v2\/media?parent=6065"}],"wp:term":[{"taxonomy":"category","embeddable":true,"href":"https:\/\/siessen.org\/pt-br\/wp-json\/wp\/v2\/categories?post=6065"},{"taxonomy":"post_tag","embeddable":true,"href":"https:\/\/siessen.org\/pt-br\/wp-json\/wp\/v2\/tags?post=6065"},{"taxonomy":"post_series","embeddable":true,"href":"https:\/\/siessen.org\/pt-br\/wp-json\/wp\/v2\/post_series?post=6065"}],"curies":[{"name":"wp","href":"https:\/\/api.w.org\/{rel}","templated":true}]}}