{"id":6869,"date":"2026-01-29T16:12:12","date_gmt":"2026-01-29T15:12:12","guid":{"rendered":"https:\/\/siessen.org\/2026\/01\/saudacoes-no-dia-da-vida-consagrada\/"},"modified":"2026-01-29T16:12:12","modified_gmt":"2026-01-29T15:12:12","slug":"saudacoes-no-dia-da-vida-consagrada","status":"publish","type":"post","link":"https:\/\/siessen.org\/pt-br\/2026\/01\/saudacoes-no-dia-da-vida-consagrada\/","title":{"rendered":"Sauda\u00e7\u00f5es no dia da vida consagrada"},"content":{"rendered":"<p>Em 2 de fevereiro, festa da Apresenta\u00e7\u00e3o do Senhor, a Igreja celebra o Dia da Vida Consagrada. Nessa ocasi\u00e3o, o Dicast\u00e9rio para os Institutos de Vida Consagrada e as Sociedades de Vida Apost\u00f3lica escreveu uma carta a todos os homens e mulheres consagrados. <\/p>\n<p><a href=\"https:\/\/siessen.org\/wp-content\/uploads\/2026\/01\/DE_30_Tag_des_geweihten_Lebens.pdf\">Alem\u00e3o<\/a><br \/>\n<a href=\"https:\/\/siessen.org\/wp-content\/uploads\/2026\/01\/EN_30_Day_of_Consecrated_Life.pdf\">Ingl\u00eas<\/a><br \/>\n<a href=\"https:\/\/siessen.org\/wp-content\/uploads\/2026\/01\/PORT_30_Jornada_da_vida_consagrada.pdf\">portugu\u00eas<\/a><\/p>\n","protected":false},"excerpt":{"rendered":"<p>Em 2 de fevereiro, festa da Apresenta\u00e7\u00e3o do Senhor, a Igreja celebra o Dia da Vida Consagrada. Nessa ocasi\u00e3o, o Dicast\u00e9rio para os Institutos de Vida Consagrada e as Sociedades de Vida Apost\u00f3lica escreveu uma carta a todos os homens e mulheres consagrados. Alem\u00e3o Ingl\u00eas portugu\u00eas<\/p>\n","protected":false},"author":3,"featured_media":0,"comment_status":"closed","ping_status":"open","sticky":false,"template":"","format":"standard","meta":{"footnotes":""},"categories":[8],"tags":[],"post_series":[],"class_list":["post-6869","post","type-post","status-publish","format-standard","hentry","category-nao-categorizado","entry","no-media"],"_links":{"self":[{"href":"https:\/\/siessen.org\/pt-br\/wp-json\/wp\/v2\/posts\/6869","targetHints":{"allow":["GET"]}}],"collection":[{"href":"https:\/\/siessen.org\/pt-br\/wp-json\/wp\/v2\/posts"}],"about":[{"href":"https:\/\/siessen.org\/pt-br\/wp-json\/wp\/v2\/types\/post"}],"author":[{"embeddable":true,"href":"https:\/\/siessen.org\/pt-br\/wp-json\/wp\/v2\/users\/3"}],"replies":[{"embeddable":true,"href":"https:\/\/siessen.org\/pt-br\/wp-json\/wp\/v2\/comments?post=6869"}],"version-history":[{"count":0,"href":"https:\/\/siessen.org\/pt-br\/wp-json\/wp\/v2\/posts\/6869\/revisions"}],"wp:attachment":[{"href":"https:\/\/siessen.org\/pt-br\/wp-json\/wp\/v2\/media?parent=6869"}],"wp:term":[{"taxonomy":"category","embeddable":true,"href":"https:\/\/siessen.org\/pt-br\/wp-json\/wp\/v2\/categories?post=6869"},{"taxonomy":"post_tag","embeddable":true,"href":"https:\/\/siessen.org\/pt-br\/wp-json\/wp\/v2\/tags?post=6869"},{"taxonomy":"post_series","embeddable":true,"href":"https:\/\/siessen.org\/pt-br\/wp-json\/wp\/v2\/post_series?post=6869"}],"curies":[{"name":"wp","href":"https:\/\/api.w.org\/{rel}","templated":true}]}}