{"id":7142,"date":"2026-03-14T14:22:16","date_gmt":"2026-03-14T13:22:16","guid":{"rendered":"https:\/\/siessen.org\/2026\/03\/primeira-profissao-e-profissao-perpetua-na-provincia-alema\/"},"modified":"2026-03-14T19:32:43","modified_gmt":"2026-03-14T18:32:43","slug":"primeira-profissao-e-profissao-perpetua-na-provincia-alema","status":"publish","type":"post","link":"https:\/\/siessen.org\/pt-br\/2026\/03\/primeira-profissao-e-profissao-perpetua-na-provincia-alema\/","title":{"rendered":"Primeira profiss\u00e3o e profiss\u00e3o perp\u00e9tua na prov\u00edncia alem\u00e3"},"content":{"rendered":"<p>Foi com grande alegria que a Prov\u00edncia Alem\u00e3 e toda a Congrega\u00e7\u00e3o celebraram hoje a primeira profiss\u00e3o de Ir. Marika Kerstiens e a profiss\u00e3o perp\u00e9tua de Ir. M. Anna-Chiara Attermeyer e Ir. M. Sophie Gisa. Uma celebra\u00e7\u00e3o alegre com muitos convidados, onde voc\u00ea p\u00f4de sentir as vibra\u00e7\u00f5es do Esp\u00edrito Santo. Obrigado a todos que estiveram presentes e, \u00e9 claro, \u00e0s nossas crian\u00e7as festivas.   <\/p>\n<div style=\"width: 478px;\" class=\"wp-video\"><video class=\"wp-video-shortcode\" id=\"video-7142-1\" width=\"478\" height=\"850\" preload=\"metadata\" controls=\"controls\"><source type=\"video\/mp4\" src=\"https:\/\/siessen.org\/wp-content\/uploads\/2026\/03\/2026-03-14-Profess-Siessen.mp4?_=1\" \/><a href=\"https:\/\/siessen.org\/wp-content\/uploads\/2026\/03\/2026-03-14-Profess-Siessen.mp4\">https:\/\/siessen.org\/wp-content\/uploads\/2026\/03\/2026-03-14-Profess-Siessen.mp4<\/a><\/video><\/div>\n<p>&nbsp;<\/p>\n","protected":false},"excerpt":{"rendered":"<p>Foi com grande alegria que a Prov\u00edncia Alem\u00e3 e toda a Congrega\u00e7\u00e3o celebraram hoje a primeira profiss\u00e3o de Ir. Marika Kerstiens e a profiss\u00e3o perp\u00e9tua de Ir. M. Anna-Chiara Attermeyer e Ir. M. Sophie Gisa. Uma celebra\u00e7\u00e3o alegre com muitos convidados, onde voc\u00ea p\u00f4de sentir as vibra\u00e7\u00f5es do Esp\u00edrito Santo. Obrigado a todos que estiveram&hellip;<\/p>\n","protected":false},"author":3,"featured_media":7143,"comment_status":"closed","ping_status":"open","sticky":false,"template":"","format":"standard","meta":{"footnotes":""},"categories":[8],"tags":[],"post_series":[],"class_list":["post-7142","post","type-post","status-publish","format-standard","has-post-thumbnail","hentry","category-nao-categorizado","entry","has-media"],"_links":{"self":[{"href":"https:\/\/siessen.org\/pt-br\/wp-json\/wp\/v2\/posts\/7142","targetHints":{"allow":["GET"]}}],"collection":[{"href":"https:\/\/siessen.org\/pt-br\/wp-json\/wp\/v2\/posts"}],"about":[{"href":"https:\/\/siessen.org\/pt-br\/wp-json\/wp\/v2\/types\/post"}],"author":[{"embeddable":true,"href":"https:\/\/siessen.org\/pt-br\/wp-json\/wp\/v2\/users\/3"}],"replies":[{"embeddable":true,"href":"https:\/\/siessen.org\/pt-br\/wp-json\/wp\/v2\/comments?post=7142"}],"version-history":[{"count":1,"href":"https:\/\/siessen.org\/pt-br\/wp-json\/wp\/v2\/posts\/7142\/revisions"}],"predecessor-version":[{"id":7150,"href":"https:\/\/siessen.org\/pt-br\/wp-json\/wp\/v2\/posts\/7142\/revisions\/7150"}],"wp:featuredmedia":[{"embeddable":true,"href":"https:\/\/siessen.org\/pt-br\/wp-json\/wp\/v2\/media\/7143"}],"wp:attachment":[{"href":"https:\/\/siessen.org\/pt-br\/wp-json\/wp\/v2\/media?parent=7142"}],"wp:term":[{"taxonomy":"category","embeddable":true,"href":"https:\/\/siessen.org\/pt-br\/wp-json\/wp\/v2\/categories?post=7142"},{"taxonomy":"post_tag","embeddable":true,"href":"https:\/\/siessen.org\/pt-br\/wp-json\/wp\/v2\/tags?post=7142"},{"taxonomy":"post_series","embeddable":true,"href":"https:\/\/siessen.org\/pt-br\/wp-json\/wp\/v2\/post_series?post=7142"}],"curies":[{"name":"wp","href":"https:\/\/api.w.org\/{rel}","templated":true}]}}