{"id":7856,"date":"2026-09-01T20:32:17","date_gmt":"2026-09-01T18:32:17","guid":{"rendered":"https:\/\/siessen.org\/2026\/09\/partidas\/"},"modified":"2026-09-01T20:55:55","modified_gmt":"2026-09-01T18:55:55","slug":"partidas","status":"publish","type":"post","link":"https:\/\/siessen.org\/pt-br\/2026\/09\/partidas\/","title":{"rendered":"Partidas&#8230;"},"content":{"rendered":"<p>Na quinta-feira, as delegadas do Brasil e da \u00c1frica do Sul voltaram de avi\u00e3o para seus pa\u00edses. A conselheira geral Rosa Maria (Brasil) e a Ir. M. Ernestina (\u00c1frica do Sul) tamb\u00e9m viajaram e deixaram a Ir. M. Tanja sozinha na Casa Geral&#8230; <span class=\"emoji x1rg5ohu xxymvpz x19la9d6 x1fc57z9 x6ikm8r x10wlt62 x19co3pv x11tp94h xw4jnvo x1qx5ct2 xfibh0p xiy17q3 x1xsqp64 x1lkfr7t xexx8yu xyri2b x18d9i69 x1c1uobl\"><span class=\"xy9tlov x1bhl96m\">\ud83d\ude22<\/span><\/span> <\/p>\n","protected":false},"excerpt":{"rendered":"<p>Na quinta-feira, as delegadas do Brasil e da \u00c1frica do Sul voltaram de avi\u00e3o para seus pa\u00edses. A conselheira geral Rosa Maria (Brasil) e a Ir. M. Ernestina (\u00c1frica do Sul) tamb\u00e9m viajaram e deixaram a Ir. M. Tanja sozinha na Casa Geral&#8230; \ud83d\ude22<\/p>\n","protected":false},"author":5,"featured_media":7858,"comment_status":"closed","ping_status":"open","sticky":false,"template":"","format":"standard","meta":{"footnotes":""},"categories":[8],"tags":[],"post_series":[],"class_list":["post-7856","post","type-post","status-publish","format-standard","has-post-thumbnail","hentry","category-nao-categorizado","entry","has-media"],"_links":{"self":[{"href":"https:\/\/siessen.org\/pt-br\/wp-json\/wp\/v2\/posts\/7856","targetHints":{"allow":["GET"]}}],"collection":[{"href":"https:\/\/siessen.org\/pt-br\/wp-json\/wp\/v2\/posts"}],"about":[{"href":"https:\/\/siessen.org\/pt-br\/wp-json\/wp\/v2\/types\/post"}],"author":[{"embeddable":true,"href":"https:\/\/siessen.org\/pt-br\/wp-json\/wp\/v2\/users\/5"}],"replies":[{"embeddable":true,"href":"https:\/\/siessen.org\/pt-br\/wp-json\/wp\/v2\/comments?post=7856"}],"version-history":[{"count":1,"href":"https:\/\/siessen.org\/pt-br\/wp-json\/wp\/v2\/posts\/7856\/revisions"}],"predecessor-version":[{"id":7875,"href":"https:\/\/siessen.org\/pt-br\/wp-json\/wp\/v2\/posts\/7856\/revisions\/7875"}],"wp:featuredmedia":[{"embeddable":true,"href":"https:\/\/siessen.org\/pt-br\/wp-json\/wp\/v2\/media\/7858"}],"wp:attachment":[{"href":"https:\/\/siessen.org\/pt-br\/wp-json\/wp\/v2\/media?parent=7856"}],"wp:term":[{"taxonomy":"category","embeddable":true,"href":"https:\/\/siessen.org\/pt-br\/wp-json\/wp\/v2\/categories?post=7856"},{"taxonomy":"post_tag","embeddable":true,"href":"https:\/\/siessen.org\/pt-br\/wp-json\/wp\/v2\/tags?post=7856"},{"taxonomy":"post_series","embeddable":true,"href":"https:\/\/siessen.org\/pt-br\/wp-json\/wp\/v2\/post_series?post=7856"}],"curies":[{"name":"wp","href":"https:\/\/api.w.org\/{rel}","templated":true}]}}