{"id":7869,"date":"2026-09-01T20:54:20","date_gmt":"2026-09-01T18:54:20","guid":{"rendered":"https:\/\/siessen.org\/2026\/09\/o-que-ta-rolando-ai-%f0%9f%a7%90\/"},"modified":"2026-09-01T20:54:20","modified_gmt":"2026-09-01T18:54:20","slug":"o-que-ta-rolando-ai-%f0%9f%a7%90","status":"publish","type":"post","link":"https:\/\/siessen.org\/pt-br\/2026\/09\/o-que-ta-rolando-ai-%f0%9f%a7%90\/","title":{"rendered":"O que t\u00e1 rolando a\u00ed? \ud83e\uddd0"},"content":{"rendered":"<p>L\u00e1 est\u00e3o elas, olhando pela janela da Casa S\u00e3o Francisco e dando uma olhada na Casa Geral abandonada. O que ser\u00e1 que t\u00e1 rolando por l\u00e1 agora? Mas daqui a pouco as irm\u00e3s v\u00e3o correr pros seus laptops e smartphones, porque hoje a Casa Geral mandou o documento final do Cap\u00edtulo Geral. Todo mundo est\u00e1 louco pra saber quais rumos foram tra\u00e7ados para os pr\u00f3ximos seis anos&#8230;   <\/p>\n","protected":false},"excerpt":{"rendered":"<p>L\u00e1 est\u00e3o elas, olhando pela janela da Casa S\u00e3o Francisco e dando uma olhada na Casa Geral abandonada. O que ser\u00e1 que t\u00e1 rolando por l\u00e1 agora? Mas daqui a pouco as irm\u00e3s v\u00e3o correr pros seus laptops e smartphones, porque hoje a Casa Geral mandou o documento final do Cap\u00edtulo Geral. Todo mundo est\u00e1&hellip;<\/p>\n","protected":false},"author":5,"featured_media":7872,"comment_status":"closed","ping_status":"open","sticky":false,"template":"","format":"standard","meta":{"footnotes":""},"categories":[8],"tags":[],"post_series":[],"class_list":["post-7869","post","type-post","status-publish","format-standard","has-post-thumbnail","hentry","category-nao-categorizado","entry","has-media"],"_links":{"self":[{"href":"https:\/\/siessen.org\/pt-br\/wp-json\/wp\/v2\/posts\/7869","targetHints":{"allow":["GET"]}}],"collection":[{"href":"https:\/\/siessen.org\/pt-br\/wp-json\/wp\/v2\/posts"}],"about":[{"href":"https:\/\/siessen.org\/pt-br\/wp-json\/wp\/v2\/types\/post"}],"author":[{"embeddable":true,"href":"https:\/\/siessen.org\/pt-br\/wp-json\/wp\/v2\/users\/5"}],"replies":[{"embeddable":true,"href":"https:\/\/siessen.org\/pt-br\/wp-json\/wp\/v2\/comments?post=7869"}],"version-history":[{"count":0,"href":"https:\/\/siessen.org\/pt-br\/wp-json\/wp\/v2\/posts\/7869\/revisions"}],"wp:featuredmedia":[{"embeddable":true,"href":"https:\/\/siessen.org\/pt-br\/wp-json\/wp\/v2\/media\/7872"}],"wp:attachment":[{"href":"https:\/\/siessen.org\/pt-br\/wp-json\/wp\/v2\/media?parent=7869"}],"wp:term":[{"taxonomy":"category","embeddable":true,"href":"https:\/\/siessen.org\/pt-br\/wp-json\/wp\/v2\/categories?post=7869"},{"taxonomy":"post_tag","embeddable":true,"href":"https:\/\/siessen.org\/pt-br\/wp-json\/wp\/v2\/tags?post=7869"},{"taxonomy":"post_series","embeddable":true,"href":"https:\/\/siessen.org\/pt-br\/wp-json\/wp\/v2\/post_series?post=7869"}],"curies":[{"name":"wp","href":"https:\/\/api.w.org\/{rel}","templated":true}]}}